{"name":"Festival Italian 2016","description":"\u00cen perioada 13 mai \u2013 23 iunie, ICE \u2013 Agen\u021bia Italian\u0103 pentru Comer\u021b Exterior \u2013 Bucure\u0219ti, sub patronajul Ambasadei Italiei la Bucure\u0219ti, \u00een colaborare cu Institutul Italian de Cultur\u0103, aduce Italia mai aproape de tine \u00een cadrul celei de-a \u0219aptea edi\u021bii a Festivalului Italian.","url":"http:\/\/www.festivalitalian.ro\/2016","namespaces":["oembed\/1.0"],"authentication":[],"routes":{"\/":{"namespace":"","methods":["GET"],"endpoints":[{"methods":["GET"],"args":{"context":{"required":false,"default":"view"}}}],"_links":{"self":"http:\/\/www.festivalitalian.ro\/2016\/wp-json\/"}},"\/oembed\/1.0":{"namespace":"oembed\/1.0","methods":["GET"],"endpoints":[{"methods":["GET"],"args":{"namespace":{"required":false,"default":"oembed\/1.0"},"context":{"required":false,"default":"view"}}}],"_links":{"self":"http:\/\/www.festivalitalian.ro\/2016\/wp-json\/oembed\/1.0"}},"\/oembed\/1.0\/embed":{"namespace":"oembed\/1.0","methods":["GET"],"endpoints":[{"methods":["GET"],"args":{"url":{"required":true},"format":{"required":false,"default":"json"},"maxwidth":{"required":false,"default":600}}}],"_links":{"self":"http:\/\/www.festivalitalian.ro\/2016\/wp-json\/oembed\/1.0\/embed"}}},"_links":{"help":[{"href":"http:\/\/v2.wp-api.org\/"}]}}